{"id":9937,"__str__":"Oficio Executivo n\u00ba 554 de 2019","link_detail_backend":"/materia/9937","metadata":{},"numero":554,"ano":2019,"numero_protocolo":null,"data_apresentacao":"2019-10-09","tipo_apresentacao":"E","data_publicacao":null,"numero_origem_externa":"","ano_origem_externa":null,"data_origem_externa":null,"apelido":"","dias_prazo":null,"data_fim_prazo":null,"em_tramitacao":false,"polemica":false,"objeto":"","complementar":false,"ementa":"Face ao Requerimento n \u00ba 164/2019, do ilustre Vereador Paulo C\u00e9sar Leandro Simpl\u00edcio, foi encaminhado Of\u00edcio pelo Executivo n \u00ba 552/2019 ao Tribunal de Justi\u00e7a do Estado do Rio de Janeiro - F\u00f3rum Central, solicitando as c\u00f3pias do caderno de notas do s\u00e9culo XVIII ao XIX, para o arquivo municipal de Pira\u00ed.","indexacao":"arquivo, caderno de notas, c\u00f3pias.","observacao":"","resultado":"","texto_original":"http://sapl.pirai.rj.leg.br/media/sapl/public/materialegislativa/2019/9937/oficio_n_o_554.2019.pdf","data_ultima_atualizacao":"2019-10-14T10:48:16.909718-03:00","ip":"177.184.67.2","ultima_edicao":null,"tipo":10,"regime_tramitacao":1,"tipo_origem_externa":null,"local_origem_externa":null,"user":65,"anexadas":[9828],"autores":[43]}