{"id":6229,"__str__":"Indica\u00e7\u00e3o n\u00ba 362 de 2017","link_detail_backend":"/materia/6229","metadata":{},"numero":362,"ano":2017,"numero_protocolo":null,"data_apresentacao":"2017-06-06","tipo_apresentacao":"E","data_publicacao":null,"numero_origem_externa":"","ano_origem_externa":null,"data_origem_externa":null,"apelido":"","dias_prazo":null,"data_fim_prazo":null,"em_tramitacao":false,"polemica":false,"objeto":"","complementar":false,"ementa":"\r\nJO\u00c3O CARLOS DOS SANTOS M\u00c1XIMO, VEREADOR COM ASSENTO NESTA CASA LEGISLATIVA, INDICA AO EXMO. SENHOR PREFEITO MUNICIPAL, QUE SEJA DETERMINADO \u00c0 SECRETARIA COMPETENTE, A COLOCA\u00c7\u00c3O DE TELA OU CONSTRU\u00c7\u00c3O DE MURO PARA PROTE\u00c7\u00c3O O RESERVAT\u00d3RIO DE \u00c1GUA, LOCALIZADA NA PARTE ALTA DO BAIRRO ASILO, NESTE MUNIC\u00cdPIO.\r\n","indexacao":"COLOCA\u00c7\u00c3O DE TELA OU CONSTRU\u00c7\u00c3O DE MURO PARA PROTE\u00c7\u00c3O O RESERVAT\u00d3RIO DE \u00c1GUA, LOCALIZADA NA PARTE ALTA DO BAIRRO ASILO, NESTE MUNIC\u00cdPIO.\r\n","observacao":"","resultado":"","texto_original":"http://sapl.pirai.rj.leg.br/media/sapl/public/materialegislativa/2017/6229/6229_texto_integral.pdf","data_ultima_atualizacao":"2018-07-19T09:31:50.255384-03:00","ip":"","ultima_edicao":null,"tipo":8,"regime_tramitacao":1,"tipo_origem_externa":null,"local_origem_externa":null,"user":null,"anexadas":[],"autores":[16]}