{"id":5255,"__str__":"Requerimento n\u00ba 12 de 2016","link_detail_backend":"/materia/5255","metadata":{},"numero":12,"ano":2016,"numero_protocolo":null,"data_apresentacao":"2016-02-29","tipo_apresentacao":"E","data_publicacao":null,"numero_origem_externa":"","ano_origem_externa":null,"data_origem_externa":null,"apelido":"","dias_prazo":null,"data_fim_prazo":null,"em_tramitacao":false,"polemica":false,"objeto":"","complementar":false,"ementa":"CHARLES TORRES DIAS, VEREADOR DESTA CASA, NO USO DE SUAS PRERROGATIVAS, REQUER \u00c0 MESA DIRETORA, OUVIDO O DOUTO PLEN\u00c1RIO, SEJA ENCAMINHADO EXPEDIENTE LEGISLATIVO AO PRESIDENTE DA CRUZ VERMELHA DE VOLTA REDONDA SOLICITANDO INFORMA\u00c7\u00d5ES QUANTO \u00c0S CONTRATA\u00c7\u00d5ES OCORRIDAS NOS ANOS DE 2014, 2015 E 2016 COM OS RESPECTIVOS NOMES, CARGOS E SAL\u00c1RIOS DESSES CONTRATADOS.","indexacao":"PRESIDENTE DA CRUZ VERMELHA DE VOLTA REDONDA SOLICITANDO INFORMA\u00c7\u00d5ES QUANTO \u00c0S CONTRATA\u00c7\u00d5ES OCORRIDAS NOS ANOS DE 2014, 2015 E 2016 COM OS RESPECTIVOS NOMES, CARGOS E SAL\u00c1RIOS DESSES CONTRATADOS.","observacao":"","resultado":"","texto_original":"http://sapl.pirai.rj.leg.br/media/sapl/public/materialegislativa/2016/5255/5255_texto_integral.pdf","data_ultima_atualizacao":"2018-07-19T09:31:46.820540-03:00","ip":"","ultima_edicao":null,"tipo":3,"regime_tramitacao":1,"tipo_origem_externa":null,"local_origem_externa":null,"user":null,"anexadas":[],"autores":[14]}