{"id":5206,"__str__":"Indica\u00e7\u00e3o n\u00ba 230 de 2015","link_detail_backend":"/materia/5206","metadata":{},"numero":230,"ano":2015,"numero_protocolo":null,"data_apresentacao":"2015-12-14","tipo_apresentacao":"E","data_publicacao":null,"numero_origem_externa":"","ano_origem_externa":null,"data_origem_externa":null,"apelido":"","dias_prazo":null,"data_fim_prazo":null,"em_tramitacao":false,"polemica":null,"objeto":"","complementar":null,"ementa":"CHARLES TORRES DIAS, VEREADOR, NO USO DE SUAS ATRIBUI\u00c7\u00d5ES, INDICA AO EXMO. SENHOR PREFEITO MUNICIPAL, A NECESSIDADE DE DETERMINAR \u00c0 SECRETARIA COMPETENTE, A POSSIBILIDADE DE EXECUTAR OBRAS DE REPARO NA CAL\u00c7ADA DA ESCADARIA C, BAIRRO ASILO PINHEIRO, NESTE MUNIC\u00cdPIO.","indexacao":"OBRAS DE REPARO NA CAL\u00c7ADA DA ESCADARIA C, BAIRRO ASILO PINHEIRO","observacao":"","resultado":"","texto_original":"http://sapl.pirai.rj.leg.br/media/sapl/public/materialegislativa/2015/5206/5206_texto_integral.pdf","data_ultima_atualizacao":"2018-07-19T09:31:48.424931-03:00","ip":"","ultima_edicao":null,"tipo":8,"regime_tramitacao":1,"tipo_origem_externa":null,"local_origem_externa":null,"user":null,"anexadas":[],"autores":[14]}