{"id":19554,"__str__":"Indica\u00e7\u00e3o n\u00ba 127 de 2026","link_detail_backend":"/materia/19554","metadata":{},"numero":127,"ano":2026,"numero_protocolo":210,"data_apresentacao":"2026-04-06","tipo_apresentacao":"E","data_publicacao":null,"numero_origem_externa":"","ano_origem_externa":null,"data_origem_externa":null,"apelido":"","dias_prazo":null,"data_fim_prazo":null,"em_tramitacao":true,"polemica":false,"objeto":"","complementar":false,"ementa":"Indica ao Exmo. Senhor Prefeito Municipal, que realiza a implanta\u00e7\u00e3o e/ou refor\u00e7o da ilumina\u00e7\u00e3o p\u00fablica na Rua Bulh\u00f5es de Carvalho, no bairro Vila das Palmeiras, no trecho compreendido entre o Hortifruti do Vaguinho at\u00e9 o Centro de Eventos , neste munic\u00edpio.","indexacao":"Implanta\u00e7\u00e3o e/ou refor\u00e7o da ilumina\u00e7\u00e3o p\u00fablica na Rua Bulh\u00f5es de Carvalho, no bairro Vila das Palmeiras, no trecho compreendido entre o Hortifruti do Vaguinho at\u00e9 o Centro de Eventos , neste munic\u00edpio.","observacao":"","resultado":"","texto_original":"http://sapl.pirai.rj.leg.br/media/sapl/public/materialegislativa/2026/19554/indicacao_no_0127.2026.pdf","data_ultima_atualizacao":"2026-04-07T15:55:22.155223-03:00","ip":"177.184.67.2","ultima_edicao":"2026-04-06T12:12:31.589602-03:00","tipo":8,"regime_tramitacao":1,"tipo_origem_externa":null,"local_origem_externa":null,"user":67,"anexadas":[19577],"autores":[72]}