{"id":12550,"__str__":"Indica\u00e7\u00e3o n\u00ba 491 de 2021","link_detail_backend":"/materia/12550","metadata":{},"numero":491,"ano":2021,"numero_protocolo":null,"data_apresentacao":"2021-09-13","tipo_apresentacao":"E","data_publicacao":null,"numero_origem_externa":"","ano_origem_externa":null,"data_origem_externa":null,"apelido":"","dias_prazo":null,"data_fim_prazo":null,"em_tramitacao":true,"polemica":false,"objeto":"","complementar":false,"ementa":"Indica ao Exmo. Senhor Prefeito Municipal a cria\u00e7\u00e3o do Programa Municipal, de Inclus\u00e3o Produtiva, subordinado \u00e0 Secretaria Municipal de Assist\u00eancia Social, com a finalidade de fortalecer a autonomia econ\u00f4mica dos cidad\u00e3os piraienses, atrav\u00e9s da sua participa\u00e7\u00e3o no mundo do trabalho, ampliando suas oportunidades de acesso ao trabalho remunerado e que tenham uma perspectiva de sustentabilidade pr\u00f3pria.","indexacao":"Inclus\u00e3o Produtiva, Secretaria Municipal de Assist\u00eancia Social","observacao":"","resultado":"","texto_original":"http://sapl.pirai.rj.leg.br/media/sapl/public/materialegislativa/2021/12550/indicacao_no_491.2021.pdf","data_ultima_atualizacao":"2021-09-13T14:17:53.053380-03:00","ip":"177.184.67.2","ultima_edicao":"2021-09-13T14:17:52.940619-03:00","tipo":8,"regime_tramitacao":1,"tipo_origem_externa":null,"local_origem_externa":null,"user":42,"anexadas":[],"autores":[58]}