{"id":11046,"__str__":"Oficio Executivo n\u00ba 237 de 2020","link_detail_backend":"/materia/11046","metadata":{},"numero":237,"ano":2020,"numero_protocolo":null,"data_apresentacao":"2020-07-09","tipo_apresentacao":"E","data_publicacao":null,"numero_origem_externa":"","ano_origem_externa":null,"data_origem_externa":null,"apelido":"","dias_prazo":null,"data_fim_prazo":null,"em_tramitacao":false,"polemica":false,"objeto":"","complementar":false,"ementa":"Em aten\u00e7\u00e3o ao Of\u00edcio n\u00ba 180/2020 contendo o Requerimento n\u00ba 99/2020 do Vereador Wilden Vieira da Silva, segue o que nos foi solicitado.","indexacao":"Em aten\u00e7\u00e3o ao Of\u00edcio n\u00ba 180/2020 contendo o Requerimento n\u00ba 99/2020 do Vereador Wilden Vieira da Silva, segue o que nos foi solicitado.","observacao":"","resultado":"","texto_original":"http://sapl.pirai.rj.leg.br/media/sapl/public/materialegislativa/2020/11046/oficio_do_prefeito_no_237.2020.pdf","data_ultima_atualizacao":"2020-07-29T12:36:41.353414-03:00","ip":"177.184.67.2","ultima_edicao":"2020-07-29T12:34:34.733877-03:00","tipo":10,"regime_tramitacao":1,"tipo_origem_externa":null,"local_origem_externa":null,"user":67,"anexadas":[10905],"autores":[43]}