{"id":333,"__str__":"Parecer - Comiss\u00e3o de Legisla\u00e7\u00e3o, Justi\u00e7a e Reda\u00e7\u00e3o Final de 06/05/2024 por Alexsandro Sena Silva e Jo\u00e3o M\u00e1ximo","link_detail_backend":"/materia/documentoacessorio/333","metadata":{},"nome":"Comiss\u00e3o de Legisla\u00e7\u00e3o, Justi\u00e7a e Reda\u00e7\u00e3o Final","data":"2024-05-06","autor":"Alexsandro Sena Silva e Jo\u00e3o M\u00e1ximo","ementa":"Mensagem de Veto Total n\u00b0 016/2024, datada de 22 de maio de 2024, da lavra do Excelent\u00edssimo Senhor Prefeito ao Projeto de Lei n\u00b0 74/24, datado de 06/11/2023.","indexacao":"Pela REJEI\u00c7\u00c3O TOTAL DO VETO objeto da Mensagem n\u00b0 016/2024, aposto pelo Chefe\r\ndo Poder Executivo ao Projeto de Lei Ordin\u00e1ria n\u00b0 074/2023, datado de 06 de novembro de 2023,\r\nde autoria do Vereador M\u00e1rio Herm\u00ednio da Silva Carvalho.","arquivo":"http://sapl.pirai.rj.leg.br/media/sapl/public/documentoacessorio/2024/333/mensagem_no_016.2024_projeto_de_lei_no_74.2023_parecer.pdf","data_ultima_atualizacao":"2025-05-05T14:26:07.829600-03:00","materia":16782,"tipo":1}